{"id":4435,"date":"2025-05-12T12:02:42","date_gmt":"2025-05-12T12:02:42","guid":{"rendered":"https:\/\/fine-europe.eu\/?p=4435"},"modified":"2025-05-23T18:02:49","modified_gmt":"2025-05-23T18:02:49","slug":"declaration-de-luxembourg-fine-pour-lavenir-de-la-formation-infirmiere-en-europe","status":"publish","type":"post","link":"https:\/\/www.fine-europe.eu\/?p=4435","title":{"rendered":"D\u00e9claration de Luxembourg FINE &#8211; Pour l&#8217;avenir de la formation infirmi\u00e8re en Europe"},"content":{"rendered":"<p>[et_pb_section fb_built=&#8221;1&#8243; _builder_version=&#8221;4.27.4&#8243; _module_preset=&#8221;default&#8221; global_colors_info=&#8221;{}&#8221;][et_pb_row column_structure=&#8221;2_5,3_5&#8243; _builder_version=&#8221;4.27.4&#8243; _module_preset=&#8221;default&#8221; global_colors_info=&#8221;{}&#8221;][et_pb_column type=&#8221;2_5&#8243; _builder_version=&#8221;4.27.4&#8243; _module_preset=&#8221;default&#8221; global_colors_info=&#8221;{}&#8221;][et_pb_image src=&#8221;https:\/\/www.fine-europe.eu\/wp-content\/uploads\/2025\/05\/Screenshot-2025-05-12-at-22.07.59.png&#8221; title_text=&#8221;Screenshot 2025-05-12 at 22.07.59&#8243; _builder_version=&#8221;4.27.4&#8243; _module_preset=&#8221;default&#8221; global_colors_info=&#8221;{}&#8221;][\/et_pb_image][\/et_pb_column][et_pb_column type=&#8221;3_5&#8243; _builder_version=&#8221;4.27.4&#8243; _module_preset=&#8221;default&#8221; global_colors_info=&#8221;{}&#8221;][et_pb_text _builder_version=&#8221;4.27.4&#8243; _module_preset=&#8221;default&#8221; hover_enabled=&#8221;0&#8243; global_colors_info=&#8221;{}&#8221; sticky_enabled=&#8221;0&#8243;]<\/p>\n<div class=\"x_elementToProof\">\n<p>La<span>\u00a0<\/span><b>FINE Luxembourg Declaration<\/b>\u00a0est une prise de position forte en faveur d\u2019une \u00e9ducation infirmi\u00e8re \u00e9quitable, innovante et tourn\u00e9e vers l\u2019avenir. R\u00e9dig\u00e9e \u00e0 l\u2019issue du<span>\u00a0<\/span><b>groupe de travail organis\u00e9 \u00e0 Luxembourg les 5 et 6 d\u00e9cembre 2024<\/b>, elle rassemble les priorit\u00e9s identifi\u00e9es par les experts et membres de FINE pour renforcer l\u2019enseignement infirmier en Europe.\n<\/div>\n<div class=\"x_elementToProof\">\nCette d\u00e9claration refl\u00e8te la contribution collective et le consensus des participants. Elle est le r\u00e9sultat d&#8217;un processus de collaboration qui a \u00e9t\u00e9 guid\u00e9 par les principes de l&#8217;Investigation Appr\u00e9ciative (Appreciative Inquiry), favorisant un dialogue constructif et une vision partag\u00e9e.\n<\/div>\n<div class=\"x_elementToProof\">Cette d\u00e9claration r\u00e9affirme l\u2019engagement de FINE pour l\u2019harmonisation des formations, la reconnaissance des r\u00f4les infirmiers, l\u2019innovation p\u00e9dagogique, la recherche, et la prise en compte des transitions \u00e9cologique et num\u00e9rique dans les curricula.<\/div>\n<p>[\/et_pb_text][et_pb_button button_url=&#8221;https:\/\/www.fine-europe.eu\/wp-content\/uploads\/2025\/05\/FINE-Luxembourg-declaration-for-the-future-of-nursing-education-in-Europe-2.pdf&#8221; button_text=&#8221;Lien vers le PDF (EN)&#8221; _builder_version=&#8221;4.27.4&#8243; _module_preset=&#8221;default&#8221; global_colors_info=&#8221;{}&#8221;][\/et_pb_button][\/et_pb_column][\/et_pb_row][\/et_pb_section]<\/p>\n","protected":false},"excerpt":{"rendered":"<p>La\u00a0FINE Luxembourg Declaration\u00a0est une prise de position forte en faveur d\u2019une \u00e9ducation infirmi\u00e8re \u00e9quitable, innovante et tourn\u00e9e vers l\u2019avenir. R\u00e9dig\u00e9e \u00e0 l\u2019issue du\u00a0groupe de travail organis\u00e9 \u00e0 Luxembourg les 5 et 6 d\u00e9cembre 2024, elle rassemble les priorit\u00e9s identifi\u00e9es par les experts et membres de FINE pour renforcer l\u2019enseignement infirmier en Europe. Cette d\u00e9claration refl\u00e8te [&hellip;]<\/p>\n","protected":false},"author":1,"featured_media":0,"comment_status":"closed","ping_status":"open","sticky":false,"template":"","format":"standard","meta":{"_et_pb_use_builder":"on","_et_pb_old_content":"","_et_gb_content_width":"","footnotes":""},"categories":[39,119],"tags":[],"class_list":["post-4435","post","type-post","status-publish","format-standard","hentry","category-hp-fr","category-res-fr"],"_links":{"self":[{"href":"https:\/\/www.fine-europe.eu\/index.php?rest_route=\/wp\/v2\/posts\/4435","targetHints":{"allow":["GET"]}}],"collection":[{"href":"https:\/\/www.fine-europe.eu\/index.php?rest_route=\/wp\/v2\/posts"}],"about":[{"href":"https:\/\/www.fine-europe.eu\/index.php?rest_route=\/wp\/v2\/types\/post"}],"author":[{"embeddable":true,"href":"https:\/\/www.fine-europe.eu\/index.php?rest_route=\/wp\/v2\/users\/1"}],"replies":[{"embeddable":true,"href":"https:\/\/www.fine-europe.eu\/index.php?rest_route=%2Fwp%2Fv2%2Fcomments&post=4435"}],"version-history":[{"count":12,"href":"https:\/\/www.fine-europe.eu\/index.php?rest_route=\/wp\/v2\/posts\/4435\/revisions"}],"predecessor-version":[{"id":4472,"href":"https:\/\/www.fine-europe.eu\/index.php?rest_route=\/wp\/v2\/posts\/4435\/revisions\/4472"}],"wp:attachment":[{"href":"https:\/\/www.fine-europe.eu\/index.php?rest_route=%2Fwp%2Fv2%2Fmedia&parent=4435"}],"wp:term":[{"taxonomy":"category","embeddable":true,"href":"https:\/\/www.fine-europe.eu\/index.php?rest_route=%2Fwp%2Fv2%2Fcategories&post=4435"},{"taxonomy":"post_tag","embeddable":true,"href":"https:\/\/www.fine-europe.eu\/index.php?rest_route=%2Fwp%2Fv2%2Ftags&post=4435"}],"curies":[{"name":"wp","href":"https:\/\/api.w.org\/{rel}","templated":true}]}}