{"id":3853,"date":"2024-10-12T22:01:19","date_gmt":"2024-10-12T22:01:19","guid":{"rendered":"https:\/\/fine-europe.eu\/?p=3853"},"modified":"2025-05-12T11:54:16","modified_gmt":"2025-05-12T11:54:16","slug":"document-de-position-de-fine-sur-la-formation-des-infirmieres-en-europe","status":"publish","type":"post","link":"https:\/\/www.fine-europe.eu\/?p=3853","title":{"rendered":"Document de position de FINE sur la formation des infirmi\u00e8res en Europe."},"content":{"rendered":"\n[et_pb_section fb_built=&#8221;1&#8243; _builder_version=&#8221;4.27.2&#8243; _module_preset=&#8221;default&#8221; global_colors_info=&#8221;{}&#8221;][et_pb_row column_structure=&#8221;2_5,3_5&#8243; _builder_version=&#8221;4.27.2&#8243; _module_preset=&#8221;default&#8221; global_colors_info=&#8221;{}&#8221;][et_pb_column type=&#8221;2_5&#8243; _builder_version=&#8221;4.27.2&#8243; _module_preset=&#8221;default&#8221; global_colors_info=&#8221;{}&#8221;][et_pb_image src=&#8221;https:\/\/www.fine-europe.eu\/wp-content\/uploads\/2024\/10\/Screenshot-2024-10-12-at-23.17.11-2.png&#8221; title_text=&#8221;Screenshot 2024-10-12 at 23.17.11&#8243; _builder_version=&#8221;4.27.2&#8243; _module_preset=&#8221;default&#8221; global_colors_info=&#8221;{}&#8221;][\/et_pb_image][\/et_pb_column][et_pb_column type=&#8221;3_5&#8243; _builder_version=&#8221;4.27.2&#8243; _module_preset=&#8221;default&#8221; global_colors_info=&#8221;{}&#8221;][et_pb_text _builder_version=&#8221;4.27.2&#8243; _module_preset=&#8221;default&#8221; hover_enabled=&#8221;0&#8243; global_colors_info=&#8221;{}&#8221; sticky_enabled=&#8221;0&#8243;]<p><strong>&#8220;Document de position de FINE sur la formation des infirmi\u00e8res en Europe&#8221;<\/strong> mettant en \u00e9vidence le r\u00f4le crucial de la formation des infirmi\u00e8res en Europe en tant que lien essentiel pour r\u00e9pondre \u00e0 la durabilit\u00e9 de la profession infirmi\u00e8re face \u00e0 la crise sanitaire en cours.<\/p>\n<p>Veuillez trouver ci-dessous le lien vers le document.<\/p>[\/et_pb_text][et_pb_button button_url=&#8221;https:\/\/www.fine-europe.eu\/wp-content\/uploads\/2024\/10\/FINE-Position-Paper-VF.pdf&#8221; button_text=&#8221;Document de position de FINE&#8221; _builder_version=&#8221;4.27.2&#8243; _module_preset=&#8221;default&#8221; hover_enabled=&#8221;0&#8243; global_colors_info=&#8221;{}&#8221; sticky_enabled=&#8221;0&#8243;][\/et_pb_button][\/et_pb_column][\/et_pb_row][\/et_pb_section]\n","protected":false},"excerpt":{"rendered":"<p>&#8220;Document de position de FINE sur la formation des infirmi\u00e8res en Europe&#8221; mettant en \u00e9vidence le r\u00f4le crucial de la formation des infirmi\u00e8res en Europe en tant que lien essentiel pour r\u00e9pondre \u00e0 la durabilit\u00e9 de la profession infirmi\u00e8re face \u00e0 la crise sanitaire en cours. Veuillez trouver ci-dessous le lien vers le document.<\/p>\n","protected":false},"author":1,"featured_media":0,"comment_status":"closed","ping_status":"open","sticky":false,"template":"","format":"standard","meta":{"_et_pb_use_builder":"on","_et_pb_old_content":"","_et_gb_content_width":"","footnotes":""},"categories":[140],"tags":[],"class_list":["post-3853","post","type-post","status-publish","format-standard","hentry","category-archive"],"_links":{"self":[{"href":"https:\/\/www.fine-europe.eu\/index.php?rest_route=\/wp\/v2\/posts\/3853","targetHints":{"allow":["GET"]}}],"collection":[{"href":"https:\/\/www.fine-europe.eu\/index.php?rest_route=\/wp\/v2\/posts"}],"about":[{"href":"https:\/\/www.fine-europe.eu\/index.php?rest_route=\/wp\/v2\/types\/post"}],"author":[{"embeddable":true,"href":"https:\/\/www.fine-europe.eu\/index.php?rest_route=\/wp\/v2\/users\/1"}],"replies":[{"embeddable":true,"href":"https:\/\/www.fine-europe.eu\/index.php?rest_route=%2Fwp%2Fv2%2Fcomments&post=3853"}],"version-history":[{"count":3,"href":"https:\/\/www.fine-europe.eu\/index.php?rest_route=\/wp\/v2\/posts\/3853\/revisions"}],"predecessor-version":[{"id":3857,"href":"https:\/\/www.fine-europe.eu\/index.php?rest_route=\/wp\/v2\/posts\/3853\/revisions\/3857"}],"wp:attachment":[{"href":"https:\/\/www.fine-europe.eu\/index.php?rest_route=%2Fwp%2Fv2%2Fmedia&parent=3853"}],"wp:term":[{"taxonomy":"category","embeddable":true,"href":"https:\/\/www.fine-europe.eu\/index.php?rest_route=%2Fwp%2Fv2%2Fcategories&post=3853"},{"taxonomy":"post_tag","embeddable":true,"href":"https:\/\/www.fine-europe.eu\/index.php?rest_route=%2Fwp%2Fv2%2Ftags&post=3853"}],"curies":[{"name":"wp","href":"https:\/\/api.w.org\/{rel}","templated":true}]}}