{"id":3736,"date":"2024-06-30T21:36:36","date_gmt":"2024-06-30T21:36:36","guid":{"rendered":"https:\/\/fine-europe.eu\/?p=3736"},"modified":"2024-06-30T21:36:37","modified_gmt":"2024-06-30T21:36:37","slug":"save-the-date-prochain-workgroup-fine-5-et-6-decembre-2024-a-luxembourg","status":"publish","type":"post","link":"https:\/\/www.fine-europe.eu\/?p=3736","title":{"rendered":"Save the date : prochain workgroup FINE 5 et 6 d\u00e9cembre 2024 \u00e0 Luxembourg"},"content":{"rendered":"<p>[et_pb_section fb_built=&#8221;1&#8243; theme_builder_area=&#8221;post_content&#8221; _builder_version=&#8221;4.25.2&#8243; _module_preset=&#8221;default&#8221;][et_pb_row _builder_version=&#8221;4.25.2&#8243; _module_preset=&#8221;default&#8221; theme_builder_area=&#8221;post_content&#8221;][et_pb_column _builder_version=&#8221;4.25.2&#8243; _module_preset=&#8221;default&#8221; type=&#8221;4_4&#8243; theme_builder_area=&#8221;post_content&#8221;][et_pb_text _builder_version=&#8221;4.25.2&#8243; _module_preset=&#8221;default&#8221; theme_builder_area=&#8221;post_content&#8221; hover_enabled=&#8221;0&#8243; sticky_enabled=&#8221;0&#8243;]<\/p>\n<p>Le prochain Workgroup se d\u00e9roulera \u00e0 Luxembourg, les 5 et 6 d\u00e9cembre 2024.<br \/>Il sera organis\u00e9 en partenariat avec FINE Bel-Lux, le Lyc\u00e9e Technique pour Professions de Sant\u00e9 du Luxembourg et l\u2019Universit\u00e9 de Luxembourg.<\/p>\n<p><strong>Adresse :<\/strong> 2, place Th. Edison &#8211; L-1483 Strassen, Grand-Duch\u00e9 de Luxembourg.<br \/><strong>Th\u00e9matique :<\/strong> Les besoins en sant\u00e9 des populations d&#8217;aujourd&#8217;hui et de demain : Comment la formation infirmi\u00e8re va-t-elle\/doit-elle \u00e9voluer en Europe ? Et quelles perspectives d&#8217;\u00e9volution de carri\u00e8res ?<\/p>\n<p>Au menu : des orateurs de renom, des \u00e9changes de pratiques, une r\u00e9flexion pour s\u2019enrichir des exp\u00e9riences partag\u00e9es. Et comme toujours la richesse des rencontres et du r\u00e9seautage entre institutions et pays.<\/p>\n<p>Nous vous y attendons nombreux et nombreuses.<\/p>\n<p>[\/et_pb_text][\/et_pb_column][\/et_pb_row][\/et_pb_section]<\/p>\n","protected":false},"excerpt":{"rendered":"<p>Le prochain Workgroup se d\u00e9roulera \u00e0 Luxembourg, les 5 et 6 d\u00e9cembre 2024.Il sera organis\u00e9 en partenariat avec FINE Bel-Lux, le Lyc\u00e9e Technique pour Professions de Sant\u00e9 du Luxembourg et l\u2019Universit\u00e9 de Luxembourg. Adresse : 2, place Th. Edison &#8211; L-1483 Strassen, Grand-Duch\u00e9 de Luxembourg.Th\u00e9matique : Les besoins en sant\u00e9 des populations d&#8217;aujourd&#8217;hui et de [&hellip;]<\/p>\n","protected":false},"author":1,"featured_media":0,"comment_status":"closed","ping_status":"open","sticky":false,"template":"","format":"standard","meta":{"_et_pb_use_builder":"on","_et_pb_old_content":"","_et_gb_content_width":"","footnotes":""},"categories":[39,37],"tags":[],"class_list":["post-3736","post","type-post","status-publish","format-standard","hentry","category-hp-fr","category-wg-fr"],"_links":{"self":[{"href":"https:\/\/www.fine-europe.eu\/index.php?rest_route=\/wp\/v2\/posts\/3736","targetHints":{"allow":["GET"]}}],"collection":[{"href":"https:\/\/www.fine-europe.eu\/index.php?rest_route=\/wp\/v2\/posts"}],"about":[{"href":"https:\/\/www.fine-europe.eu\/index.php?rest_route=\/wp\/v2\/types\/post"}],"author":[{"embeddable":true,"href":"https:\/\/www.fine-europe.eu\/index.php?rest_route=\/wp\/v2\/users\/1"}],"replies":[{"embeddable":true,"href":"https:\/\/www.fine-europe.eu\/index.php?rest_route=%2Fwp%2Fv2%2Fcomments&post=3736"}],"version-history":[{"count":2,"href":"https:\/\/www.fine-europe.eu\/index.php?rest_route=\/wp\/v2\/posts\/3736\/revisions"}],"predecessor-version":[{"id":3738,"href":"https:\/\/www.fine-europe.eu\/index.php?rest_route=\/wp\/v2\/posts\/3736\/revisions\/3738"}],"wp:attachment":[{"href":"https:\/\/www.fine-europe.eu\/index.php?rest_route=%2Fwp%2Fv2%2Fmedia&parent=3736"}],"wp:term":[{"taxonomy":"category","embeddable":true,"href":"https:\/\/www.fine-europe.eu\/index.php?rest_route=%2Fwp%2Fv2%2Fcategories&post=3736"},{"taxonomy":"post_tag","embeddable":true,"href":"https:\/\/www.fine-europe.eu\/index.php?rest_route=%2Fwp%2Fv2%2Ftags&post=3736"}],"curies":[{"name":"wp","href":"https:\/\/api.w.org\/{rel}","templated":true}]}}